{"id":2321,"date":"2022-04-22T09:43:18","date_gmt":"2022-04-22T07:43:18","guid":{"rendered":"https:\/\/www.melita.io\/?post_type=articles-news&#038;p=2321"},"modified":"2025-10-02T10:47:10","modified_gmt":"2025-10-02T08:47:10","slug":"melita-io-beim-valletta-tech-summit-iot-and-beyond","status":"publish","type":"articles-news","link":"https:\/\/www.melita.io\/de\/artikel-und-nachrichten\/melitaio-beim-valletta-tech-summit-iot-and-beyond\/","title":{"rendered":"melita.io beim Valletta Tech Summit, IoT and Beyond"},"content":{"rendered":"\n<p>melita.io nimmt am Valletta Tech Summit, IoT and Beyond, teil, dem allerersten Gipfel zum Thema Internet der Dinge in Malta. Diese kostenlose virtuelle Konferenz findet am 27. und 28. April statt und ist vollgepackt mit neuen Ideen, Produkten und Dienstleistungen aus der revolution\u00e4ren globalen IoT-Branche.<\/p>\n\n\n\n<p>Die virtuelle Veranstaltung l\u00e4dt zukunftsorientierte F\u00fchrungskr\u00e4fte aus allen Branchen ein, die nach M\u00f6glichkeiten suchen, das Internet der Dinge in ihre Betriebe zu integrieren und in vollem Umfang zu nutzen. Lokale und internationale Experten werden die wichtigsten Vorteile, Herausforderungen und Einsatzm\u00f6glichkeiten des IoT anhand von Fallstudien aus aller Welt und aus vielen verschiedenen Branchen erl\u00e4utern. Unter den zahlreichen internationalen Referenten ist melita.io durch Kenneth Spiteri, Director of Business Innovation, vertreten, der den Partner- und \u00d6kosystemansatz von melita.io f\u00fcr das IoT vorstellen wird.<\/p>\n\n\n\n<p>Zu den weiteren Rednern geh\u00f6ren Cristina Bueti, Counsellor, International Telecommunication Union, Thorsten Schroer, Direktor, IBM Technology, Antonios Maillis, Ingenieur f\u00fcr Satellitenanwendungen bei der Europ\u00e4ischen Weltraumorganisation, und viele andere IoT-Experten.<\/p>\n\n\n\n<p>melita.io bietet landesweite intelligente L\u00f6sungen, die Gigabit-Festnetz und 5G-Mobilfunknetze kombinieren und durch Mobiltechnologie und Long-Range Wide Area Network (LoRaWAN) IoT-Funktionen erm\u00f6glichen.<\/p>\n\n\n\n<p>melita.io bietet mobile IoT-Dienste in ganz Europa, Nordamerika und dar\u00fcber hinaus an. In Malta und Deutschland stellt melita.io ein landesweites LoRaWAN-Netz bereit, das durch zellulare Konnektivit\u00e4t mit geringer Leistung wie NB-IoT und LTE-M erg\u00e4nzt wird.<\/p>\n\n\n\n<p>Die Teilnahme ist kostenlos.<\/p>\n\n\n\n<p>Mehr Informationen auf:\u00a0<\/p>\n\n\n\n<figure class=\"wp-block-table\"><table class=\"has-fixed-layout\"><tbody><tr><td><a href=\"https:\/\/tech.mt\/media\/project\/valletta-tech-summit\/\" target=\"_blank\" rel=\"noreferrer noopener\">https:\/\/tech.mt\/media\/project\/valletta-tech-summit\/<\/a><\/td><\/tr><\/tbody><\/table><\/figure>\n","protected":false},"excerpt":{"rendered":"<p>melita.io nimmt am 27. und 28. April am Valletta Tech Summit \u201eIoT and Beyond\u201c teil. Es ist der erste virtuelle Gipfel zum Thema Internet der Dinge auf Malta<\/p>\n","protected":false},"author":2,"featured_media":2309,"parent":0,"menu_order":0,"comment_status":"open","ping_status":"closed","template":"","format":"standard","articles-news-categories":[39],"articles-news-technology":[59,60],"articles-news-industry":[61,62,63,64,65,66,67,68,69,70],"class_list":["post-2321","articles-news","type-articles-news","status-publish","format-standard","has-post-thumbnail","hentry","articles-news-categories-nachrichten","articles-news-technology-mobile","articles-news-technology-lorawan","articles-news-industry-smart-building","articles-news-industry-transport-and-logistics","articles-news-industry-waste-management","articles-news-industry-construction","articles-news-industry-agriculture","articles-news-industry-retail","articles-news-industry-health","articles-news-industry-manufacturing","articles-news-industry-water-management","articles-news-industry-smart-cities"],"acf":[],"yoast_head":"\n<title>melita.io beim Valletta Tech Summit, IoT and Beyond - melita.io<\/title>\n<meta name=\"description\" content=\"melita.io nimmt am 27. und 28. April am Valletta Tech Summit \u201eIoT and Beyond\u201c teil. Es ist der erste virtuelle Gipfel zum Thema Internet der Dinge auf Malta\" \/>\n<meta name=\"robots\" content=\"index, follow, max-snippet:-1, max-image-preview:large, max-video-preview:-1\" \/>\n<link rel=\"canonical\" href=\"https:\/\/www.melita.io\/de\/artikel-und-nachrichten\/melitaio-beim-valletta-tech-summit-iot-and-beyond\/\" \/>\n<meta property=\"og:locale\" content=\"de_DE\" \/>\n<meta property=\"og:type\" content=\"article\" \/>\n<meta property=\"og:title\" content=\"melita.io beim Valletta Tech Summit, IoT and Beyond - melita.io\" \/>\n<meta property=\"og:description\" content=\"melita.io nimmt am 27. und 28. April am Valletta Tech Summit \u201eIoT and Beyond\u201c teil. Es ist der erste virtuelle Gipfel zum Thema Internet der Dinge auf Malta\" \/>\n<meta property=\"og:url\" content=\"https:\/\/www.melita.io\/de\/artikel-und-nachrichten\/melitaio-beim-valletta-tech-summit-iot-and-beyond\/\" \/>\n<meta property=\"og:site_name\" content=\"melita.io\" \/>\n<meta property=\"article:modified_time\" content=\"2025-10-02T08:47:10+00:00\" \/>\n<meta property=\"og:image\" content=\"https:\/\/www.melita.io\/wp-content\/uploads\/2022\/04\/vts-blog-img-template.png\" \/>\n\t<meta property=\"og:image:width\" content=\"1200\" \/>\n\t<meta property=\"og:image:height\" content=\"630\" \/>\n\t<meta property=\"og:image:type\" content=\"image\/png\" \/>\n<meta name=\"twitter:card\" content=\"summary_large_image\" \/>\n<meta name=\"twitter:label1\" content=\"Gesch\u00e4tzte Lesezeit\" \/>\n\t<meta name=\"twitter:data1\" content=\"2\u00a0Minuten\" \/>\n<script type=\"application\/ld+json\" class=\"yoast-schema-graph\">{\"@context\":\"https:\/\/schema.org\",\"@graph\":[{\"@type\":\"WebPage\",\"@id\":\"https:\/\/www.melita.io\/de\/artikel-und-nachrichten\/melitaio-beim-valletta-tech-summit-iot-and-beyond\/\",\"url\":\"https:\/\/www.melita.io\/de\/artikel-und-nachrichten\/melitaio-beim-valletta-tech-summit-iot-and-beyond\/\",\"name\":\"melita.io beim Valletta Tech Summit, IoT and Beyond - melita.io\",\"isPartOf\":{\"@id\":\"https:\/\/www.melita.io\/de\/#website\"},\"primaryImageOfPage\":{\"@id\":\"https:\/\/www.melita.io\/de\/artikel-und-nachrichten\/melitaio-beim-valletta-tech-summit-iot-and-beyond\/#primaryimage\"},\"image\":{\"@id\":\"https:\/\/www.melita.io\/de\/artikel-und-nachrichten\/melitaio-beim-valletta-tech-summit-iot-and-beyond\/#primaryimage\"},\"thumbnailUrl\":\"https:\/\/www.melita.io\/wp-content\/uploads\/2022\/04\/melita.io-at-Valletta-Tech-Summit-IoT-and-Beyond-featured.jpg\",\"datePublished\":\"2022-04-22T07:43:18+00:00\",\"dateModified\":\"2025-10-02T08:47:10+00:00\",\"description\":\"melita.io nimmt am 27. und 28. April am Valletta Tech Summit \u201eIoT and Beyond\u201c teil. Es ist der erste virtuelle Gipfel zum Thema Internet der Dinge auf Malta\",\"breadcrumb\":{\"@id\":\"https:\/\/www.melita.io\/de\/artikel-und-nachrichten\/melitaio-beim-valletta-tech-summit-iot-and-beyond\/#breadcrumb\"},\"inLanguage\":\"de\",\"potentialAction\":[{\"@type\":\"ReadAction\",\"target\":[\"https:\/\/www.melita.io\/de\/artikel-und-nachrichten\/melitaio-beim-valletta-tech-summit-iot-and-beyond\/\"]}]},{\"@type\":\"ImageObject\",\"inLanguage\":\"de\",\"@id\":\"https:\/\/www.melita.io\/de\/artikel-und-nachrichten\/melitaio-beim-valletta-tech-summit-iot-and-beyond\/#primaryimage\",\"url\":\"https:\/\/www.melita.io\/wp-content\/uploads\/2022\/04\/melita.io-at-Valletta-Tech-Summit-IoT-and-Beyond-featured.jpg\",\"contentUrl\":\"https:\/\/www.melita.io\/wp-content\/uploads\/2022\/04\/melita.io-at-Valletta-Tech-Summit-IoT-and-Beyond-featured.jpg\",\"width\":520,\"height\":272,\"caption\":\"melita.io at Valletta Tech Summit, IoT and Beyond\"},{\"@type\":\"BreadcrumbList\",\"@id\":\"https:\/\/www.melita.io\/de\/artikel-und-nachrichten\/melitaio-beim-valletta-tech-summit-iot-and-beyond\/#breadcrumb\",\"itemListElement\":[{\"@type\":\"ListItem\",\"position\":1,\"name\":\"home\",\"item\":\"https:\/\/www.melita.io\/de\/\"},{\"@type\":\"ListItem\",\"position\":2,\"name\":\"Articles & News\",\"item\":\"https:\/\/www.melita.io\/de\/artikel-und-nachrichten\/\"},{\"@type\":\"ListItem\",\"position\":3,\"name\":\"melita.io beim Valletta Tech Summit, IoT and Beyond\"}]},{\"@type\":\"WebSite\",\"@id\":\"https:\/\/www.melita.io\/de\/#website\",\"url\":\"https:\/\/www.melita.io\/de\/\",\"name\":\"melita.io\",\"description\":\"Europ\u00e4isches M2M connectivity Netzwerk\",\"publisher\":{\"@id\":\"https:\/\/www.melita.io\/de\/#organization\"},\"potentialAction\":[{\"@type\":\"SearchAction\",\"target\":{\"@type\":\"EntryPoint\",\"urlTemplate\":\"https:\/\/www.melita.io\/de\/?s={search_term_string}\"},\"query-input\":{\"@type\":\"PropertyValueSpecification\",\"valueRequired\":true,\"valueName\":\"search_term_string\"}}],\"inLanguage\":\"de\"},{\"@type\":\"Organization\",\"@id\":\"https:\/\/www.melita.io\/de\/#organization\",\"name\":\"Melita.io\",\"url\":\"https:\/\/www.melita.io\/de\/\",\"logo\":{\"@type\":\"ImageObject\",\"inLanguage\":\"de\",\"@id\":\"https:\/\/www.melita.io\/de\/#\/schema\/logo\/image\/\",\"url\":\"https:\/\/www.melita.io\/wp-content\/uploads\/2020\/11\/melita-io-logo.png\",\"contentUrl\":\"https:\/\/www.melita.io\/wp-content\/uploads\/2020\/11\/melita-io-logo.png\",\"width\":130,\"height\":50,\"caption\":\"Melita.io\"},\"image\":{\"@id\":\"https:\/\/www.melita.io\/de\/#\/schema\/logo\/image\/\"}}]}<\/script>\n","yoast_head_json":{"title":"melita.io beim Valletta Tech Summit, IoT and Beyond - melita.io","description":"melita.io nimmt am 27. und 28. April am Valletta Tech Summit \u201eIoT and Beyond\u201c teil. Es ist der erste virtuelle Gipfel zum Thema Internet der Dinge auf Malta","robots":{"index":"index","follow":"follow","max-snippet":"max-snippet:-1","max-image-preview":"max-image-preview:large","max-video-preview":"max-video-preview:-1"},"canonical":"https:\/\/www.melita.io\/de\/artikel-und-nachrichten\/melitaio-beim-valletta-tech-summit-iot-and-beyond\/","og_locale":"de_DE","og_type":"article","og_title":"melita.io beim Valletta Tech Summit, IoT and Beyond - melita.io","og_description":"melita.io nimmt am 27. und 28. April am Valletta Tech Summit \u201eIoT and Beyond\u201c teil. Es ist der erste virtuelle Gipfel zum Thema Internet der Dinge auf Malta","og_url":"https:\/\/www.melita.io\/de\/artikel-und-nachrichten\/melitaio-beim-valletta-tech-summit-iot-and-beyond\/","og_site_name":"melita.io","article_modified_time":"2025-10-02T08:47:10+00:00","og_image":[{"width":1200,"height":630,"url":"https:\/\/www.melita.io\/wp-content\/uploads\/2022\/04\/vts-blog-img-template.png","type":"image\/png"}],"twitter_card":"summary_large_image","twitter_misc":{"Gesch\u00e4tzte Lesezeit":"2\u00a0Minuten"},"schema":{"@context":"https:\/\/schema.org","@graph":[{"@type":"WebPage","@id":"https:\/\/www.melita.io\/de\/artikel-und-nachrichten\/melitaio-beim-valletta-tech-summit-iot-and-beyond\/","url":"https:\/\/www.melita.io\/de\/artikel-und-nachrichten\/melitaio-beim-valletta-tech-summit-iot-and-beyond\/","name":"melita.io beim Valletta Tech Summit, IoT and Beyond - melita.io","isPartOf":{"@id":"https:\/\/www.melita.io\/de\/#website"},"primaryImageOfPage":{"@id":"https:\/\/www.melita.io\/de\/artikel-und-nachrichten\/melitaio-beim-valletta-tech-summit-iot-and-beyond\/#primaryimage"},"image":{"@id":"https:\/\/www.melita.io\/de\/artikel-und-nachrichten\/melitaio-beim-valletta-tech-summit-iot-and-beyond\/#primaryimage"},"thumbnailUrl":"https:\/\/www.melita.io\/wp-content\/uploads\/2022\/04\/melita.io-at-Valletta-Tech-Summit-IoT-and-Beyond-featured.jpg","datePublished":"2022-04-22T07:43:18+00:00","dateModified":"2025-10-02T08:47:10+00:00","description":"melita.io nimmt am 27. und 28. April am Valletta Tech Summit \u201eIoT and Beyond\u201c teil. Es ist der erste virtuelle Gipfel zum Thema Internet der Dinge auf Malta","breadcrumb":{"@id":"https:\/\/www.melita.io\/de\/artikel-und-nachrichten\/melitaio-beim-valletta-tech-summit-iot-and-beyond\/#breadcrumb"},"inLanguage":"de","potentialAction":[{"@type":"ReadAction","target":["https:\/\/www.melita.io\/de\/artikel-und-nachrichten\/melitaio-beim-valletta-tech-summit-iot-and-beyond\/"]}]},{"@type":"ImageObject","inLanguage":"de","@id":"https:\/\/www.melita.io\/de\/artikel-und-nachrichten\/melitaio-beim-valletta-tech-summit-iot-and-beyond\/#primaryimage","url":"https:\/\/www.melita.io\/wp-content\/uploads\/2022\/04\/melita.io-at-Valletta-Tech-Summit-IoT-and-Beyond-featured.jpg","contentUrl":"https:\/\/www.melita.io\/wp-content\/uploads\/2022\/04\/melita.io-at-Valletta-Tech-Summit-IoT-and-Beyond-featured.jpg","width":520,"height":272,"caption":"melita.io at Valletta Tech Summit, IoT and Beyond"},{"@type":"BreadcrumbList","@id":"https:\/\/www.melita.io\/de\/artikel-und-nachrichten\/melitaio-beim-valletta-tech-summit-iot-and-beyond\/#breadcrumb","itemListElement":[{"@type":"ListItem","position":1,"name":"home","item":"https:\/\/www.melita.io\/de\/"},{"@type":"ListItem","position":2,"name":"Articles & News","item":"https:\/\/www.melita.io\/de\/artikel-und-nachrichten\/"},{"@type":"ListItem","position":3,"name":"melita.io beim Valletta Tech Summit, IoT and Beyond"}]},{"@type":"WebSite","@id":"https:\/\/www.melita.io\/de\/#website","url":"https:\/\/www.melita.io\/de\/","name":"melita.io","description":"Europ\u00e4isches M2M connectivity Netzwerk","publisher":{"@id":"https:\/\/www.melita.io\/de\/#organization"},"potentialAction":[{"@type":"SearchAction","target":{"@type":"EntryPoint","urlTemplate":"https:\/\/www.melita.io\/de\/?s={search_term_string}"},"query-input":{"@type":"PropertyValueSpecification","valueRequired":true,"valueName":"search_term_string"}}],"inLanguage":"de"},{"@type":"Organization","@id":"https:\/\/www.melita.io\/de\/#organization","name":"Melita.io","url":"https:\/\/www.melita.io\/de\/","logo":{"@type":"ImageObject","inLanguage":"de","@id":"https:\/\/www.melita.io\/de\/#\/schema\/logo\/image\/","url":"https:\/\/www.melita.io\/wp-content\/uploads\/2020\/11\/melita-io-logo.png","contentUrl":"https:\/\/www.melita.io\/wp-content\/uploads\/2020\/11\/melita-io-logo.png","width":130,"height":50,"caption":"Melita.io"},"image":{"@id":"https:\/\/www.melita.io\/de\/#\/schema\/logo\/image\/"}}]}},"_links":{"self":[{"href":"https:\/\/www.melita.io\/de\/wp-json\/wp\/v2\/articles-news\/2321","targetHints":{"allow":["GET"]}}],"collection":[{"href":"https:\/\/www.melita.io\/de\/wp-json\/wp\/v2\/articles-news"}],"about":[{"href":"https:\/\/www.melita.io\/de\/wp-json\/wp\/v2\/types\/articles-news"}],"author":[{"embeddable":true,"href":"https:\/\/www.melita.io\/de\/wp-json\/wp\/v2\/users\/2"}],"replies":[{"embeddable":true,"href":"https:\/\/www.melita.io\/de\/wp-json\/wp\/v2\/comments?post=2321"}],"version-history":[{"count":3,"href":"https:\/\/www.melita.io\/de\/wp-json\/wp\/v2\/articles-news\/2321\/revisions"}],"predecessor-version":[{"id":9913,"href":"https:\/\/www.melita.io\/de\/wp-json\/wp\/v2\/articles-news\/2321\/revisions\/9913"}],"wp:featuredmedia":[{"embeddable":true,"href":"https:\/\/www.melita.io\/de\/wp-json\/wp\/v2\/media\/2309"}],"wp:attachment":[{"href":"https:\/\/www.melita.io\/de\/wp-json\/wp\/v2\/media?parent=2321"}],"wp:term":[{"taxonomy":"articles-news-categories","embeddable":true,"href":"https:\/\/www.melita.io\/de\/wp-json\/wp\/v2\/articles-news-categories?post=2321"},{"taxonomy":"articles-news-technology","embeddable":true,"href":"https:\/\/www.melita.io\/de\/wp-json\/wp\/v2\/articles-news-technology?post=2321"},{"taxonomy":"articles-news-industry","embeddable":true,"href":"https:\/\/www.melita.io\/de\/wp-json\/wp\/v2\/articles-news-industry?post=2321"}],"curies":[{"name":"wp","href":"https:\/\/api.w.org\/{rel}","templated":true}]}}