{"id":1991,"date":"2022-03-04T12:40:34","date_gmt":"2022-03-04T11:40:34","guid":{"rendered":"https:\/\/www.melita.io\/?post_type=articles-news&#038;p=1991"},"modified":"2023-08-23T14:25:45","modified_gmt":"2023-08-23T12:25:45","slug":"il-portale-lorawan-al-centro-della-citta-il-primo-passo-verso-una-smart-city-giessen","status":"publish","type":"articles-news","link":"https:\/\/www.melita.io\/it\/articoli-e-notizie\/il-portale-lorawan-al-centro-della-citta-il-primo-passo-verso-una-smart-city-giessen\/","title":{"rendered":"Il portale LoRaWAN al centro della citt\u00e0: Il primo passo verso una smart city &#8211; Giessen?"},"content":{"rendered":"\n<p><strong>Con l\u2019 installazione di un portale LoRaWAN, la Citt\u00e0 di Giessen sta procedendo bene per diventare una smart city. Tale portale ha reso possibile fornire informazioni in tempo reale sul traffico ai suoi cittadini, dirigere gli automobilisti ai parcheggi disponibili, avvisare automaticamente chi raccoglie i rifiuti verso i contenitori di rifiuti vuoti, e controllare da remoto i semafori &nbsp;risparmiando nelle emissioni di CO2.&nbsp;<\/strong><\/p>\n\n\n\n<p><strong>Mentre questo \u00e8 solo l\u2019inizio per Giessen del percorso verso l\u2019Internet delle Cose (IoT), col tempo la cosa diventer\u00e0 pi\u00f9 sostenibile. Ci\u00f2 migliorer\u00e0 ancora di pi\u00f9 la qualit\u00e0 della vita dei suoi residenti ottimizzando la pianificazione&nbsp; urbanistica, la mobilit\u00e0, l\u2018amministrazione e consentendo lo sviluppo delle imprese locali.<\/strong><\/p>\n\n\n\n<div style=\"height:30px\" aria-hidden=\"true\" class=\"wp-block-spacer\"><\/div>\n\n\n\n<div class=\"wp-block-columns is-layout-flex wp-container-core-columns-is-layout-9d6595d7 wp-block-columns-is-layout-flex\">\n<div class=\"wp-block-column is-layout-flow wp-block-column-is-layout-flow\">\n<p>&#8220;Con LoRaWAN e IoT, le infrastrutture urbane e le attivit\u00e0 potranno comunicare in maniera intelligente tra di loro usando dei piccoli sensori,&#8221; afferma Ralf Schwoche, il Responsabile delle Vendite della melita.io. \u201cA lungo termine, grazie all\u2019aumento dei portali, tutta Hessen trarr\u00e0 beneficio da questa tecnologia.\u201d<\/p>\n\n\n\n<p><a href=\"https:\/\/www.melita.io\/it\/lorawan-iot\/caratteristiche\/\">La Rete a Lungo Raggio dell\u2019Area Vasta &#8211; LoRaWAN<\/a> \u2013 \u00e8 una radio tecnologia che si pu\u00f2 usare per trasmettere dei dati tramite sensori wireless in un modo sicuro ed efficiente dal punto di vista energetico, e per lunghe distanze.<\/p>\n\n\n\n<p>Grazie a dei semplici requisiti per le installazioni ma anche alla sua durata ed alla banda stretta per i dati, questa tecnologia \u00e8 particolarmente adatta ai sensori.<\/p>\n<\/div>\n\n\n\n<div class=\"wp-block-column is-layout-flow wp-block-column-is-layout-flow\">\n<figure class=\"wp-block-image size-full\"><img decoding=\"async\" width=\"600\" height=\"500\" src=\"https:\/\/www.melita.io\/wp-content\/uploads\/2022\/03\/LoRaWAN-gateway-in-Giessen.jpg\" alt=\"LoRaWAN gateway in Giessen\" class=\"wp-image-1963\" srcset=\"https:\/\/www.melita.io\/wp-content\/uploads\/2022\/03\/LoRaWAN-gateway-in-Giessen.jpg 600w, https:\/\/www.melita.io\/wp-content\/uploads\/2022\/03\/LoRaWAN-gateway-in-Giessen-300x250.jpg 300w\" sizes=\"(max-width: 600px) 100vw, 600px\" \/><\/figure>\n<\/div>\n<\/div>\n\n\n\n<div class=\"wp-block-columns is-layout-flex wp-container-core-columns-is-layout-9d6595d7 wp-block-columns-is-layout-flex\">\n<div class=\"wp-block-column is-layout-flow wp-block-column-is-layout-flow\">\n<p>&#8220;Proprio come Internet connette le persone, LoRaWAN riesce a connettere gli oggetti di qualsiasi genere. Ecco perch\u00e9 l\u2019abbiamo chiamata Internet delle Cose (IoT),&#8221; spiega Schwoche.<\/p>\n\n\n\n<p>\u201cIl portale simile ad una scatola di LoRaWAN che \u00e8 stato posizionato al centro della citt\u00e0 lo scorso Gennaio, non \u00e8 certo elegantissimo d\u2019aspetto,\u201d ha spiegato Oliver Reitz, il Responsabile della Strategia e delle Vendite All\u2019Ingrosso della goetel GmbH. <\/p>\n<\/div>\n\n\n\n<div class=\"wp-block-column is-layout-flow wp-block-column-is-layout-flow\">\n<p>Questo provider di telecomunicazioni con base a G\u00f6ttingen dispone di filiali a Reiskirchen ed a Kassel e gestisce le proprie reti di fibre ottiche e dei sistemi di rel\u00e8 radio nella Bassa Sassonia e ad Hessen. E\u2019 in grado di supportare melita.io coprendo delle zone selezionate con un LoRaWAN Pubblico.&nbsp;&nbsp;<\/p>\n<\/div>\n<\/div>\n\n\n\n<div style=\"height:30px\" aria-hidden=\"true\" class=\"wp-block-spacer\"><\/div>\n\n\n\n<blockquote class=\"wp-block-quote is-style-large has-small-font-size is-layout-flow wp-block-quote-is-layout-flow\"><p>\u201cPer essere in grado di soddisfare tutti i requisiti richiesti agli utenti, come il monitoraggio su tutta la Germania delle risorse possedute dalle ditte, \u00e8 necessario avere un approccio nazionale. Questo \u00e8 uno dei motivi per cui LoRaWAN viene considerata essere un blocco di base per le applicazioni per smart city in una regione in rete.\u201d<\/p><cite>Ralf Schwoche, Responsabile delle Vendite della melita.io<\/cite><\/blockquote>\n\n\n\n<div style=\"height:30px\" aria-hidden=\"true\" class=\"wp-block-spacer\"><\/div>\n\n\n\n<div class=\"wp-block-columns is-layout-flex wp-container-core-columns-is-layout-9d6595d7 wp-block-columns-is-layout-flex\">\n<div class=\"wp-block-column is-layout-flow wp-block-column-is-layout-flow\">\n<p>&#8220;Dal punto di vista visivo, un portale come questo non ha certo un aspetto attraente,\u201d aggiunge Reitz, \u201cma a volte l\u2019apparenza inganna dato che questi portali sono in grado di gestire la sicurezza in loco, sia basandosi sulla radio che sulle fibre ottiche. Grazie ad una rete digitale innovativa siamo in grado di espandere ulteriormente la regione di Gie\u00dfen facendola diventare il contrappeso della forte regione di Rhine-Main.&#8221;<\/p>\n\n\n\n<p>Come standard radio aperto, tale tecnologia rende possible creare e gestire una propria rete, independentemente rispetto ai maggiori provider delle telecomunicazioni. &#8220;Appena la LoRaWAN sar\u00e0 in funzione, non solo ne trarranno beneficio le amministrazioni comunali, ma anche le attivit\u00e0 locali e i protagonisti dell\u2019 industria. Anche i cittadini comuni potranno usare la rete radio,&#8221; spiega Schwoche.<\/p>\n<\/div>\n\n\n\n<div class=\"wp-block-column is-layout-flow wp-block-column-is-layout-flow\">\n<p>\u201cPer essere in grado di soddisfare tutti i requisiti richiesti agli utenti, come il monitoraggio su tutta la Germania delle risorse possedute dalle ditte, \u00e8 necessario avere un approccio nazionale.Questo \u00e8 uno dei motivi per cui LoRaWAN viene considerata essere un blocco di base per le applicazioni per smart city in una regione in rete.\u201d<\/p>\n\n\n\n<p>Oltre alla citt\u00e0 e alla provincia di Giessen, altri comuni e citt\u00e0 della stessa regione hanno gi\u00e0 manifestato interesse per la rete radio pubblica e alcune hanno gi\u00e0 firmato dei contratti con melita.io. &#8220;Siamo entusiasti di questa cooperazione e non vediamo l\u2019ora di poter equippaggiare tutto lo stato di Hessen dotandolo di una tecnologia orientata verso il futuro,&#8221; ha detto Schwoche.<\/p>\n<\/div>\n<\/div>\n\n\n\n<div style=\"height:60px\" aria-hidden=\"true\" class=\"wp-block-spacer\"><\/div>\n\n\n\n<h2 class=\"wp-block-heading\"><strong>Riguardo al Melita Group<\/strong><\/h2>\n\n\n\n<p>Melita.io, fa parte del Melita Group. Il suo compito \u00e8 fornire <a href=\"https:\/\/www.melita.io\/it\/mobile-iot\/copertura-e-specifiche\/\">soluzioni di connettivit\u00e0 semplici e trasparenti M2M e IoT<\/a> ad aziende clienti situate in tutta Europa. Grazie ai suoi 25 anni e pi\u00f9 di esperienza nelle telecomunicazioni, il Melita Group abbina la rete Internet pi\u00f9 potente d\u2019Europa alla rete mobile pi\u00f9 avanzata, per abilitare le capacit\u00e0 IoT. Melita.io \u00e8 un\u2019azienda con infrastruttura EQT che ha investito nelle societ\u00e0 di telecomunicazione da pi\u00f9 di 25 anni e gestisce attivit\u00e0 di investimento per oltre 40 miliardi di \u20ac, che producono ricavi annui per 21 miliardi di \u20ac.<\/p>\n\n\n\n<p>LoRa Alliance\u00ae e LoRaWAN\u00ae sono marchi registrati e vengono usati sotto licenza dalla LoRa Alliance\u00ae.<\/p>\n\n\n\n<div style=\"height:30px\" aria-hidden=\"true\" class=\"wp-block-spacer\"><\/div>\n\n\n\n<h2 class=\"wp-block-heading\"><strong>Riguardo goetel GmbH<\/strong><\/h2>\n\n\n\n<p>Il goetel Group \u00e8 stato fondato nel 1987 ed \u00e8 il provider guida nelle telecomunicazioni della Germania centrale con sedi a G\u00f6ttingen, Kassel e a Reiskirchen. Oltre ad una vasta gamma di prodotti in ambito telefonico e Internet per clienti privati e commerciali, la sua attenzione \u00e8 rivolta all\u2019espansione della banda larga. Nel 2012, l\u2019azienda inizi\u00f2 a creare la sua prima rete in fibre ottiche a G\u00f6ttingen. La goetel \u00e8 specializzata in particolare nello sviluppo delle zone rurali grazie ad infrastrutture FTTH. Molti sono i progetti autosufficienti e sovvenzionati, e molte comunit\u00e0 e villaggi sono diventati posizioni gigabit, in tal modo rafforzando la loro attrattiva e competitivit\u00e0. La goetel GmbH fa parte anche di Breko e.V. cos\u00ec come dell\u2019IT Innovation Cluster G\u00f6ttingen.<\/p>\n\n\n\n<p>Ulteriori informazioni si possono trovare presso<\/p>\n\n\n\n<p><a href=\"https:\/\/www.goetel.de\">www.goetel.de<\/a><\/p>\n","protected":false},"excerpt":{"rendered":"<p>Giessen sta per diventare una smart city collegandosi al gateway LoRaWAN per migliorare la qualit\u00e0 della vita dei suoi residenti e la sostenibilit\u00e0.<\/p>\n","protected":false},"author":2,"featured_media":1939,"parent":0,"menu_order":0,"comment_status":"open","ping_status":"closed","template":"","format":"standard","articles-news-categories":[38],"articles-news-technology":[60],"articles-news-industry":[61,62,63,69,70],"class_list":["post-1991","articles-news","type-articles-news","status-publish","format-standard","has-post-thumbnail","hentry","articles-news-categories-notizie","articles-news-technology-lorawan","articles-news-industry-smart-building","articles-news-industry-transport-and-logistics","articles-news-industry-waste-management","articles-news-industry-water-management","articles-news-industry-smart-cities"],"acf":[],"yoast_head":"\n<title>Il portale LoRaWAN al centro della citt\u00e0: Il primo passo verso una smart city - Giessen? - melita.io<\/title>\n<meta name=\"description\" content=\"Giessen sta per diventare una smart city collegandosi al gateway LoRaWAN per migliorare la qualit\u00e0 della vita dei suoi residenti e la sostenibilit\u00e0.\" \/>\n<meta name=\"robots\" content=\"index, follow, max-snippet:-1, max-image-preview:large, max-video-preview:-1\" \/>\n<link rel=\"canonical\" href=\"https:\/\/www.melita.io\/it\/articoli-e-notizie\/il-portale-lorawan-al-centro-della-citta-il-primo-passo-verso-una-smart-city-giessen\/\" \/>\n<meta property=\"og:locale\" content=\"it_IT\" \/>\n<meta property=\"og:type\" content=\"article\" \/>\n<meta property=\"og:title\" content=\"Il portale LoRaWAN al centro della citt\u00e0: Il primo passo verso una smart city - Giessen? - melita.io\" \/>\n<meta property=\"og:description\" content=\"Giessen sta per diventare una smart city collegandosi al gateway LoRaWAN per migliorare la qualit\u00e0 della vita dei suoi residenti e la sostenibilit\u00e0.\" \/>\n<meta property=\"og:url\" content=\"https:\/\/www.melita.io\/it\/articoli-e-notizie\/il-portale-lorawan-al-centro-della-citta-il-primo-passo-verso-una-smart-city-giessen\/\" \/>\n<meta property=\"og:site_name\" content=\"melita.io\" \/>\n<meta property=\"article:modified_time\" content=\"2023-08-23T12:25:45+00:00\" \/>\n<meta property=\"og:image\" content=\"https:\/\/www.melita.io\/wp-content\/uploads\/2022\/03\/lorawan-giessen-og-img.png\" \/>\n\t<meta property=\"og:image:width\" content=\"1200\" \/>\n\t<meta property=\"og:image:height\" content=\"630\" \/>\n\t<meta property=\"og:image:type\" content=\"image\/png\" \/>\n<meta name=\"twitter:card\" content=\"summary_large_image\" \/>\n<meta name=\"twitter:label1\" content=\"Tempo di lettura stimato\" \/>\n\t<meta name=\"twitter:data1\" content=\"5 minuti\" \/>\n<script type=\"application\/ld+json\" class=\"yoast-schema-graph\">{\"@context\":\"https:\/\/schema.org\",\"@graph\":[{\"@type\":\"WebPage\",\"@id\":\"https:\/\/www.melita.io\/it\/articoli-e-notizie\/il-portale-lorawan-al-centro-della-citta-il-primo-passo-verso-una-smart-city-giessen\/\",\"url\":\"https:\/\/www.melita.io\/it\/articoli-e-notizie\/il-portale-lorawan-al-centro-della-citta-il-primo-passo-verso-una-smart-city-giessen\/\",\"name\":\"Il portale LoRaWAN al centro della citt\u00e0: Il primo passo verso una smart city - Giessen? - melita.io\",\"isPartOf\":{\"@id\":\"https:\/\/www.melita.io\/it\/#website\"},\"primaryImageOfPage\":{\"@id\":\"https:\/\/www.melita.io\/it\/articoli-e-notizie\/il-portale-lorawan-al-centro-della-citta-il-primo-passo-verso-una-smart-city-giessen\/#primaryimage\"},\"image\":{\"@id\":\"https:\/\/www.melita.io\/it\/articoli-e-notizie\/il-portale-lorawan-al-centro-della-citta-il-primo-passo-verso-una-smart-city-giessen\/#primaryimage\"},\"thumbnailUrl\":\"https:\/\/www.melita.io\/wp-content\/uploads\/2022\/03\/LoRaWAN-gateway-in-the-Giessen-centre-city-thumb.jpg\",\"datePublished\":\"2022-03-04T11:40:34+00:00\",\"dateModified\":\"2023-08-23T12:25:45+00:00\",\"description\":\"Giessen sta per diventare una smart city collegandosi al gateway LoRaWAN per migliorare la qualit\u00e0 della vita dei suoi residenti e la sostenibilit\u00e0.\",\"breadcrumb\":{\"@id\":\"https:\/\/www.melita.io\/it\/articoli-e-notizie\/il-portale-lorawan-al-centro-della-citta-il-primo-passo-verso-una-smart-city-giessen\/#breadcrumb\"},\"inLanguage\":\"it-IT\",\"potentialAction\":[{\"@type\":\"ReadAction\",\"target\":[\"https:\/\/www.melita.io\/it\/articoli-e-notizie\/il-portale-lorawan-al-centro-della-citta-il-primo-passo-verso-una-smart-city-giessen\/\"]}]},{\"@type\":\"ImageObject\",\"inLanguage\":\"it-IT\",\"@id\":\"https:\/\/www.melita.io\/it\/articoli-e-notizie\/il-portale-lorawan-al-centro-della-citta-il-primo-passo-verso-una-smart-city-giessen\/#primaryimage\",\"url\":\"https:\/\/www.melita.io\/wp-content\/uploads\/2022\/03\/LoRaWAN-gateway-in-the-Giessen-centre-city-thumb.jpg\",\"contentUrl\":\"https:\/\/www.melita.io\/wp-content\/uploads\/2022\/03\/LoRaWAN-gateway-in-the-Giessen-centre-city-thumb.jpg\",\"width\":520,\"height\":272,\"caption\":\"LoRaWAN gateway in the Giessen city centre\"},{\"@type\":\"BreadcrumbList\",\"@id\":\"https:\/\/www.melita.io\/it\/articoli-e-notizie\/il-portale-lorawan-al-centro-della-citta-il-primo-passo-verso-una-smart-city-giessen\/#breadcrumb\",\"itemListElement\":[{\"@type\":\"ListItem\",\"position\":1,\"name\":\"home\",\"item\":\"https:\/\/www.melita.io\/it\/\"},{\"@type\":\"ListItem\",\"position\":2,\"name\":\"Articles & News\",\"item\":\"https:\/\/www.melita.io\/it\/articoli-e-notizie\/\"},{\"@type\":\"ListItem\",\"position\":3,\"name\":\"Il portale LoRaWAN al centro della citt\u00e0: Il primo passo verso una smart city &#8211; Giessen?\"}]},{\"@type\":\"WebSite\",\"@id\":\"https:\/\/www.melita.io\/it\/#website\",\"url\":\"https:\/\/www.melita.io\/it\/\",\"name\":\"melita.io\",\"description\":\"La rete di connettivit\u00e0 M2M europea\",\"publisher\":{\"@id\":\"https:\/\/www.melita.io\/it\/#organization\"},\"potentialAction\":[{\"@type\":\"SearchAction\",\"target\":{\"@type\":\"EntryPoint\",\"urlTemplate\":\"https:\/\/www.melita.io\/it\/?s={search_term_string}\"},\"query-input\":{\"@type\":\"PropertyValueSpecification\",\"valueRequired\":true,\"valueName\":\"search_term_string\"}}],\"inLanguage\":\"it-IT\"},{\"@type\":\"Organization\",\"@id\":\"https:\/\/www.melita.io\/it\/#organization\",\"name\":\"Melita.io\",\"url\":\"https:\/\/www.melita.io\/it\/\",\"logo\":{\"@type\":\"ImageObject\",\"inLanguage\":\"it-IT\",\"@id\":\"https:\/\/www.melita.io\/it\/#\/schema\/logo\/image\/\",\"url\":\"https:\/\/www.melita.io\/wp-content\/uploads\/2020\/11\/melita-io-logo.png\",\"contentUrl\":\"https:\/\/www.melita.io\/wp-content\/uploads\/2020\/11\/melita-io-logo.png\",\"width\":130,\"height\":50,\"caption\":\"Melita.io\"},\"image\":{\"@id\":\"https:\/\/www.melita.io\/it\/#\/schema\/logo\/image\/\"}}]}<\/script>\n","yoast_head_json":{"title":"Il portale LoRaWAN al centro della citt\u00e0: Il primo passo verso una smart city - Giessen? - melita.io","description":"Giessen sta per diventare una smart city collegandosi al gateway LoRaWAN per migliorare la qualit\u00e0 della vita dei suoi residenti e la sostenibilit\u00e0.","robots":{"index":"index","follow":"follow","max-snippet":"max-snippet:-1","max-image-preview":"max-image-preview:large","max-video-preview":"max-video-preview:-1"},"canonical":"https:\/\/www.melita.io\/it\/articoli-e-notizie\/il-portale-lorawan-al-centro-della-citta-il-primo-passo-verso-una-smart-city-giessen\/","og_locale":"it_IT","og_type":"article","og_title":"Il portale LoRaWAN al centro della citt\u00e0: Il primo passo verso una smart city - Giessen? - melita.io","og_description":"Giessen sta per diventare una smart city collegandosi al gateway LoRaWAN per migliorare la qualit\u00e0 della vita dei suoi residenti e la sostenibilit\u00e0.","og_url":"https:\/\/www.melita.io\/it\/articoli-e-notizie\/il-portale-lorawan-al-centro-della-citta-il-primo-passo-verso-una-smart-city-giessen\/","og_site_name":"melita.io","article_modified_time":"2023-08-23T12:25:45+00:00","og_image":[{"width":1200,"height":630,"url":"https:\/\/www.melita.io\/wp-content\/uploads\/2022\/03\/lorawan-giessen-og-img.png","type":"image\/png"}],"twitter_card":"summary_large_image","twitter_misc":{"Tempo di lettura stimato":"5 minuti"},"schema":{"@context":"https:\/\/schema.org","@graph":[{"@type":"WebPage","@id":"https:\/\/www.melita.io\/it\/articoli-e-notizie\/il-portale-lorawan-al-centro-della-citta-il-primo-passo-verso-una-smart-city-giessen\/","url":"https:\/\/www.melita.io\/it\/articoli-e-notizie\/il-portale-lorawan-al-centro-della-citta-il-primo-passo-verso-una-smart-city-giessen\/","name":"Il portale LoRaWAN al centro della citt\u00e0: Il primo passo verso una smart city - Giessen? - melita.io","isPartOf":{"@id":"https:\/\/www.melita.io\/it\/#website"},"primaryImageOfPage":{"@id":"https:\/\/www.melita.io\/it\/articoli-e-notizie\/il-portale-lorawan-al-centro-della-citta-il-primo-passo-verso-una-smart-city-giessen\/#primaryimage"},"image":{"@id":"https:\/\/www.melita.io\/it\/articoli-e-notizie\/il-portale-lorawan-al-centro-della-citta-il-primo-passo-verso-una-smart-city-giessen\/#primaryimage"},"thumbnailUrl":"https:\/\/www.melita.io\/wp-content\/uploads\/2022\/03\/LoRaWAN-gateway-in-the-Giessen-centre-city-thumb.jpg","datePublished":"2022-03-04T11:40:34+00:00","dateModified":"2023-08-23T12:25:45+00:00","description":"Giessen sta per diventare una smart city collegandosi al gateway LoRaWAN per migliorare la qualit\u00e0 della vita dei suoi residenti e la sostenibilit\u00e0.","breadcrumb":{"@id":"https:\/\/www.melita.io\/it\/articoli-e-notizie\/il-portale-lorawan-al-centro-della-citta-il-primo-passo-verso-una-smart-city-giessen\/#breadcrumb"},"inLanguage":"it-IT","potentialAction":[{"@type":"ReadAction","target":["https:\/\/www.melita.io\/it\/articoli-e-notizie\/il-portale-lorawan-al-centro-della-citta-il-primo-passo-verso-una-smart-city-giessen\/"]}]},{"@type":"ImageObject","inLanguage":"it-IT","@id":"https:\/\/www.melita.io\/it\/articoli-e-notizie\/il-portale-lorawan-al-centro-della-citta-il-primo-passo-verso-una-smart-city-giessen\/#primaryimage","url":"https:\/\/www.melita.io\/wp-content\/uploads\/2022\/03\/LoRaWAN-gateway-in-the-Giessen-centre-city-thumb.jpg","contentUrl":"https:\/\/www.melita.io\/wp-content\/uploads\/2022\/03\/LoRaWAN-gateway-in-the-Giessen-centre-city-thumb.jpg","width":520,"height":272,"caption":"LoRaWAN gateway in the Giessen city centre"},{"@type":"BreadcrumbList","@id":"https:\/\/www.melita.io\/it\/articoli-e-notizie\/il-portale-lorawan-al-centro-della-citta-il-primo-passo-verso-una-smart-city-giessen\/#breadcrumb","itemListElement":[{"@type":"ListItem","position":1,"name":"home","item":"https:\/\/www.melita.io\/it\/"},{"@type":"ListItem","position":2,"name":"Articles & News","item":"https:\/\/www.melita.io\/it\/articoli-e-notizie\/"},{"@type":"ListItem","position":3,"name":"Il portale LoRaWAN al centro della citt\u00e0: Il primo passo verso una smart city &#8211; Giessen?"}]},{"@type":"WebSite","@id":"https:\/\/www.melita.io\/it\/#website","url":"https:\/\/www.melita.io\/it\/","name":"melita.io","description":"La rete di connettivit\u00e0 M2M europea","publisher":{"@id":"https:\/\/www.melita.io\/it\/#organization"},"potentialAction":[{"@type":"SearchAction","target":{"@type":"EntryPoint","urlTemplate":"https:\/\/www.melita.io\/it\/?s={search_term_string}"},"query-input":{"@type":"PropertyValueSpecification","valueRequired":true,"valueName":"search_term_string"}}],"inLanguage":"it-IT"},{"@type":"Organization","@id":"https:\/\/www.melita.io\/it\/#organization","name":"Melita.io","url":"https:\/\/www.melita.io\/it\/","logo":{"@type":"ImageObject","inLanguage":"it-IT","@id":"https:\/\/www.melita.io\/it\/#\/schema\/logo\/image\/","url":"https:\/\/www.melita.io\/wp-content\/uploads\/2020\/11\/melita-io-logo.png","contentUrl":"https:\/\/www.melita.io\/wp-content\/uploads\/2020\/11\/melita-io-logo.png","width":130,"height":50,"caption":"Melita.io"},"image":{"@id":"https:\/\/www.melita.io\/it\/#\/schema\/logo\/image\/"}}]}},"_links":{"self":[{"href":"https:\/\/www.melita.io\/it\/wp-json\/wp\/v2\/articles-news\/1991","targetHints":{"allow":["GET"]}}],"collection":[{"href":"https:\/\/www.melita.io\/it\/wp-json\/wp\/v2\/articles-news"}],"about":[{"href":"https:\/\/www.melita.io\/it\/wp-json\/wp\/v2\/types\/articles-news"}],"author":[{"embeddable":true,"href":"https:\/\/www.melita.io\/it\/wp-json\/wp\/v2\/users\/2"}],"replies":[{"embeddable":true,"href":"https:\/\/www.melita.io\/it\/wp-json\/wp\/v2\/comments?post=1991"}],"version-history":[{"count":1,"href":"https:\/\/www.melita.io\/it\/wp-json\/wp\/v2\/articles-news\/1991\/revisions"}],"predecessor-version":[{"id":6509,"href":"https:\/\/www.melita.io\/it\/wp-json\/wp\/v2\/articles-news\/1991\/revisions\/6509"}],"wp:featuredmedia":[{"embeddable":true,"href":"https:\/\/www.melita.io\/it\/wp-json\/wp\/v2\/media\/1939"}],"wp:attachment":[{"href":"https:\/\/www.melita.io\/it\/wp-json\/wp\/v2\/media?parent=1991"}],"wp:term":[{"taxonomy":"articles-news-categories","embeddable":true,"href":"https:\/\/www.melita.io\/it\/wp-json\/wp\/v2\/articles-news-categories?post=1991"},{"taxonomy":"articles-news-technology","embeddable":true,"href":"https:\/\/www.melita.io\/it\/wp-json\/wp\/v2\/articles-news-technology?post=1991"},{"taxonomy":"articles-news-industry","embeddable":true,"href":"https:\/\/www.melita.io\/it\/wp-json\/wp\/v2\/articles-news-industry?post=1991"}],"curies":[{"name":"wp","href":"https:\/\/api.w.org\/{rel}","templated":true}]}}