{"id":2324,"date":"2022-04-22T09:43:42","date_gmt":"2022-04-22T07:43:42","guid":{"rendered":"https:\/\/www.melita.io\/?post_type=articles-news&#038;p=2324"},"modified":"2025-10-02T15:45:14","modified_gmt":"2025-10-02T13:45:14","slug":"melita-io-al-valletta-tech-summit-iot-and-beyond","status":"publish","type":"articles-news","link":"https:\/\/www.melita.io\/it\/articoli-e-notizie\/melitaio-al-valletta-tech-summit-iot-and-beyond\/","title":{"rendered":"melita.io al Valletta Tech Summit, IoT and Beyond"},"content":{"rendered":"\n<p>melita.io parteciper\u00e0 al Valletta Tech Summit, IoT and Beyond, che ospiter\u00e0 a Malta il primo summit in assoluto sull\u2019Internet of Things (o Internet delle cose). Da questa conferenza, che si terr\u00e0 online il 27 e il 28 aprile ed \u00e8 completamente gratuita, emergeranno un sacco di nuove idee, nuovi prodotti e servizi provenienti dal rivoluzionario settore IoT, divenuto ormai di rilevanza globale.<\/p>\n\n\n\n<p>L&#8217;evento online si rivolge a tutti i leader aziendali che sono alla ricerca di metodi per integrare e sfruttare appieno l\u2019IoT nelle attivit\u00e0 che riguardano i loro settori. Con l\u2019aiuto di esperti locali e internazionali, esamineremo i principali vantaggi, le sfide e le possibilit\u00e0 offerte dall&#8217;adozione dell&#8217;IoT, con esempi tratti da casi di studio reali che riguardano aziende di tutto il mondo, provenienti dai settori pi\u00f9 disparati. Tra i numerosi relatori internazionali, melita.io sar\u00e0 rappresentata dal sig. Kenneth Spiteri, direttore di Business Innovation, chi introdurr\u00e0 il partner melita.io e il suo approccio ecosistemico all&#8217;IoT.<\/p>\n\n\n\n<p>Tra gli altri, interverranno anche Cristina Bueti, consigliere presso l\u2019Unione internazionale delle telecomunicazioni, Thorsten Schroer, direttore di IBM Technology, Antonios Maillis, Ingegnere per le applicazioni satellitari presso l\u2019Agenzia spaziale europea, e molti altri esperti di IoT.<\/p>\n\n\n\n<p>A livello nazionale, melita.io fornisce soluzioni intelligenti che combinano connettivit\u00e0 fissa Gigabit e reti mobili 5G, oltre a fornire soluzioni IoT attraverso la tecnologia mobile e la Long-Range Wide Area Network (LoRaWAN).<\/p>\n\n\n\n<p>melita.io fornisce servizi di IoT mobile in tutta Europa, Nord America e cos\u00ec via. Inoltre, a Malta e in Germania, sta implementando reti LoRaWAN integrate da tecnologie di connettivit\u00e0 cellulare a bassa potenza, come NB-IoT e LTE-M.<\/p>\n\n\n\n<p>La partecipazione \u00e8 gratuita.<\/p>\n\n\n\n<p>Per maggiori informazioni:\u00a0<a href=\"https:\/\/medium.com\/data-science\/internet-of-things-booming-15-trillion-market-88fde1da2113\" target=\"_blank\" rel=\"noreferrer noopener\">https:\/\/vallettatechsummit.com\/events\/iot-and-beyond\/<\/a><\/p>\n","protected":false},"excerpt":{"rendered":"<p>melita.io parteciper\u00e0 al Valletta Tech Summit, IoT and Beyond, che ospiter\u00e0 a Malta il primo summit in assoluto sull\u2019Internet of Things il 27 e il 28 aprile<\/p>\n","protected":false},"author":2,"featured_media":2310,"parent":0,"menu_order":0,"comment_status":"open","ping_status":"closed","template":"","format":"standard","articles-news-categories":[38],"articles-news-technology":[59,60],"articles-news-industry":[61,62,63,64,65,66,67,68,69,70],"class_list":["post-2324","articles-news","type-articles-news","status-publish","format-standard","has-post-thumbnail","hentry","articles-news-categories-notizie","articles-news-technology-mobile","articles-news-technology-lorawan","articles-news-industry-smart-building","articles-news-industry-transport-and-logistics","articles-news-industry-waste-management","articles-news-industry-construction","articles-news-industry-agriculture","articles-news-industry-retail","articles-news-industry-health","articles-news-industry-manufacturing","articles-news-industry-water-management","articles-news-industry-smart-cities"],"acf":[],"yoast_head":"\n<title>melita.io al Valletta Tech Summit, IoT and Beyond - melita.io<\/title>\n<meta name=\"description\" content=\"melita.io parteciper\u00e0 al Valletta Tech Summit, IoT and Beyond, che ospiter\u00e0 a Malta il primo summit in assoluto sull\u2019Internet of Things il 27 e il 28 aprile\" \/>\n<meta name=\"robots\" content=\"index, follow, max-snippet:-1, max-image-preview:large, max-video-preview:-1\" \/>\n<link rel=\"canonical\" href=\"https:\/\/www.melita.io\/it\/articoli-e-notizie\/melitaio-al-valletta-tech-summit-iot-and-beyond\/\" \/>\n<meta property=\"og:locale\" content=\"it_IT\" \/>\n<meta property=\"og:type\" content=\"article\" \/>\n<meta property=\"og:title\" content=\"melita.io al Valletta Tech Summit, IoT and Beyond - melita.io\" \/>\n<meta property=\"og:description\" content=\"melita.io parteciper\u00e0 al Valletta Tech Summit, IoT and Beyond, che ospiter\u00e0 a Malta il primo summit in assoluto sull\u2019Internet of Things il 27 e il 28 aprile\" \/>\n<meta property=\"og:url\" content=\"https:\/\/www.melita.io\/it\/articoli-e-notizie\/melitaio-al-valletta-tech-summit-iot-and-beyond\/\" \/>\n<meta property=\"og:site_name\" content=\"melita.io\" \/>\n<meta property=\"article:modified_time\" content=\"2025-10-02T13:45:14+00:00\" \/>\n<meta property=\"og:image\" content=\"https:\/\/www.melita.io\/wp-content\/uploads\/2022\/04\/vts-blog-img-template.png\" \/>\n\t<meta property=\"og:image:width\" content=\"1200\" \/>\n\t<meta property=\"og:image:height\" content=\"630\" \/>\n\t<meta property=\"og:image:type\" content=\"image\/png\" \/>\n<meta name=\"twitter:card\" content=\"summary_large_image\" \/>\n<meta name=\"twitter:label1\" content=\"Tempo di lettura stimato\" \/>\n\t<meta name=\"twitter:data1\" content=\"2 minuti\" \/>\n<script type=\"application\/ld+json\" class=\"yoast-schema-graph\">{\"@context\":\"https:\/\/schema.org\",\"@graph\":[{\"@type\":\"WebPage\",\"@id\":\"https:\/\/www.melita.io\/it\/articoli-e-notizie\/melitaio-al-valletta-tech-summit-iot-and-beyond\/\",\"url\":\"https:\/\/www.melita.io\/it\/articoli-e-notizie\/melitaio-al-valletta-tech-summit-iot-and-beyond\/\",\"name\":\"melita.io al Valletta Tech Summit, IoT and Beyond - melita.io\",\"isPartOf\":{\"@id\":\"https:\/\/www.melita.io\/it\/#website\"},\"primaryImageOfPage\":{\"@id\":\"https:\/\/www.melita.io\/it\/articoli-e-notizie\/melitaio-al-valletta-tech-summit-iot-and-beyond\/#primaryimage\"},\"image\":{\"@id\":\"https:\/\/www.melita.io\/it\/articoli-e-notizie\/melitaio-al-valletta-tech-summit-iot-and-beyond\/#primaryimage\"},\"thumbnailUrl\":\"https:\/\/www.melita.io\/wp-content\/uploads\/2022\/04\/melita.io-at-Valletta-Tech-Summit-IoT-and-Beyond-featured.jpg\",\"datePublished\":\"2022-04-22T07:43:42+00:00\",\"dateModified\":\"2025-10-02T13:45:14+00:00\",\"description\":\"melita.io parteciper\u00e0 al Valletta Tech Summit, IoT and Beyond, che ospiter\u00e0 a Malta il primo summit in assoluto sull\u2019Internet of Things il 27 e il 28 aprile\",\"breadcrumb\":{\"@id\":\"https:\/\/www.melita.io\/it\/articoli-e-notizie\/melitaio-al-valletta-tech-summit-iot-and-beyond\/#breadcrumb\"},\"inLanguage\":\"it-IT\",\"potentialAction\":[{\"@type\":\"ReadAction\",\"target\":[\"https:\/\/www.melita.io\/it\/articoli-e-notizie\/melitaio-al-valletta-tech-summit-iot-and-beyond\/\"]}]},{\"@type\":\"ImageObject\",\"inLanguage\":\"it-IT\",\"@id\":\"https:\/\/www.melita.io\/it\/articoli-e-notizie\/melitaio-al-valletta-tech-summit-iot-and-beyond\/#primaryimage\",\"url\":\"https:\/\/www.melita.io\/wp-content\/uploads\/2022\/04\/melita.io-at-Valletta-Tech-Summit-IoT-and-Beyond-featured.jpg\",\"contentUrl\":\"https:\/\/www.melita.io\/wp-content\/uploads\/2022\/04\/melita.io-at-Valletta-Tech-Summit-IoT-and-Beyond-featured.jpg\",\"width\":520,\"height\":272,\"caption\":\"melita.io at Valletta Tech Summit, IoT and Beyond\"},{\"@type\":\"BreadcrumbList\",\"@id\":\"https:\/\/www.melita.io\/it\/articoli-e-notizie\/melitaio-al-valletta-tech-summit-iot-and-beyond\/#breadcrumb\",\"itemListElement\":[{\"@type\":\"ListItem\",\"position\":1,\"name\":\"home\",\"item\":\"https:\/\/www.melita.io\/it\/\"},{\"@type\":\"ListItem\",\"position\":2,\"name\":\"Articles & News\",\"item\":\"https:\/\/www.melita.io\/it\/articoli-e-notizie\/\"},{\"@type\":\"ListItem\",\"position\":3,\"name\":\"melita.io al Valletta Tech Summit, IoT and Beyond\"}]},{\"@type\":\"WebSite\",\"@id\":\"https:\/\/www.melita.io\/it\/#website\",\"url\":\"https:\/\/www.melita.io\/it\/\",\"name\":\"melita.io\",\"description\":\"La rete di connettivit\u00e0 M2M europea\",\"publisher\":{\"@id\":\"https:\/\/www.melita.io\/it\/#organization\"},\"potentialAction\":[{\"@type\":\"SearchAction\",\"target\":{\"@type\":\"EntryPoint\",\"urlTemplate\":\"https:\/\/www.melita.io\/it\/?s={search_term_string}\"},\"query-input\":{\"@type\":\"PropertyValueSpecification\",\"valueRequired\":true,\"valueName\":\"search_term_string\"}}],\"inLanguage\":\"it-IT\"},{\"@type\":\"Organization\",\"@id\":\"https:\/\/www.melita.io\/it\/#organization\",\"name\":\"Melita.io\",\"url\":\"https:\/\/www.melita.io\/it\/\",\"logo\":{\"@type\":\"ImageObject\",\"inLanguage\":\"it-IT\",\"@id\":\"https:\/\/www.melita.io\/it\/#\/schema\/logo\/image\/\",\"url\":\"https:\/\/www.melita.io\/wp-content\/uploads\/2020\/11\/melita-io-logo.png\",\"contentUrl\":\"https:\/\/www.melita.io\/wp-content\/uploads\/2020\/11\/melita-io-logo.png\",\"width\":130,\"height\":50,\"caption\":\"Melita.io\"},\"image\":{\"@id\":\"https:\/\/www.melita.io\/it\/#\/schema\/logo\/image\/\"}}]}<\/script>\n","yoast_head_json":{"title":"melita.io al Valletta Tech Summit, IoT and Beyond - melita.io","description":"melita.io parteciper\u00e0 al Valletta Tech Summit, IoT and Beyond, che ospiter\u00e0 a Malta il primo summit in assoluto sull\u2019Internet of Things il 27 e il 28 aprile","robots":{"index":"index","follow":"follow","max-snippet":"max-snippet:-1","max-image-preview":"max-image-preview:large","max-video-preview":"max-video-preview:-1"},"canonical":"https:\/\/www.melita.io\/it\/articoli-e-notizie\/melitaio-al-valletta-tech-summit-iot-and-beyond\/","og_locale":"it_IT","og_type":"article","og_title":"melita.io al Valletta Tech Summit, IoT and Beyond - melita.io","og_description":"melita.io parteciper\u00e0 al Valletta Tech Summit, IoT and Beyond, che ospiter\u00e0 a Malta il primo summit in assoluto sull\u2019Internet of Things il 27 e il 28 aprile","og_url":"https:\/\/www.melita.io\/it\/articoli-e-notizie\/melitaio-al-valletta-tech-summit-iot-and-beyond\/","og_site_name":"melita.io","article_modified_time":"2025-10-02T13:45:14+00:00","og_image":[{"width":1200,"height":630,"url":"https:\/\/www.melita.io\/wp-content\/uploads\/2022\/04\/vts-blog-img-template.png","type":"image\/png"}],"twitter_card":"summary_large_image","twitter_misc":{"Tempo di lettura stimato":"2 minuti"},"schema":{"@context":"https:\/\/schema.org","@graph":[{"@type":"WebPage","@id":"https:\/\/www.melita.io\/it\/articoli-e-notizie\/melitaio-al-valletta-tech-summit-iot-and-beyond\/","url":"https:\/\/www.melita.io\/it\/articoli-e-notizie\/melitaio-al-valletta-tech-summit-iot-and-beyond\/","name":"melita.io al Valletta Tech Summit, IoT and Beyond - melita.io","isPartOf":{"@id":"https:\/\/www.melita.io\/it\/#website"},"primaryImageOfPage":{"@id":"https:\/\/www.melita.io\/it\/articoli-e-notizie\/melitaio-al-valletta-tech-summit-iot-and-beyond\/#primaryimage"},"image":{"@id":"https:\/\/www.melita.io\/it\/articoli-e-notizie\/melitaio-al-valletta-tech-summit-iot-and-beyond\/#primaryimage"},"thumbnailUrl":"https:\/\/www.melita.io\/wp-content\/uploads\/2022\/04\/melita.io-at-Valletta-Tech-Summit-IoT-and-Beyond-featured.jpg","datePublished":"2022-04-22T07:43:42+00:00","dateModified":"2025-10-02T13:45:14+00:00","description":"melita.io parteciper\u00e0 al Valletta Tech Summit, IoT and Beyond, che ospiter\u00e0 a Malta il primo summit in assoluto sull\u2019Internet of Things il 27 e il 28 aprile","breadcrumb":{"@id":"https:\/\/www.melita.io\/it\/articoli-e-notizie\/melitaio-al-valletta-tech-summit-iot-and-beyond\/#breadcrumb"},"inLanguage":"it-IT","potentialAction":[{"@type":"ReadAction","target":["https:\/\/www.melita.io\/it\/articoli-e-notizie\/melitaio-al-valletta-tech-summit-iot-and-beyond\/"]}]},{"@type":"ImageObject","inLanguage":"it-IT","@id":"https:\/\/www.melita.io\/it\/articoli-e-notizie\/melitaio-al-valletta-tech-summit-iot-and-beyond\/#primaryimage","url":"https:\/\/www.melita.io\/wp-content\/uploads\/2022\/04\/melita.io-at-Valletta-Tech-Summit-IoT-and-Beyond-featured.jpg","contentUrl":"https:\/\/www.melita.io\/wp-content\/uploads\/2022\/04\/melita.io-at-Valletta-Tech-Summit-IoT-and-Beyond-featured.jpg","width":520,"height":272,"caption":"melita.io at Valletta Tech Summit, IoT and Beyond"},{"@type":"BreadcrumbList","@id":"https:\/\/www.melita.io\/it\/articoli-e-notizie\/melitaio-al-valletta-tech-summit-iot-and-beyond\/#breadcrumb","itemListElement":[{"@type":"ListItem","position":1,"name":"home","item":"https:\/\/www.melita.io\/it\/"},{"@type":"ListItem","position":2,"name":"Articles & News","item":"https:\/\/www.melita.io\/it\/articoli-e-notizie\/"},{"@type":"ListItem","position":3,"name":"melita.io al Valletta Tech Summit, IoT and Beyond"}]},{"@type":"WebSite","@id":"https:\/\/www.melita.io\/it\/#website","url":"https:\/\/www.melita.io\/it\/","name":"melita.io","description":"La rete di connettivit\u00e0 M2M europea","publisher":{"@id":"https:\/\/www.melita.io\/it\/#organization"},"potentialAction":[{"@type":"SearchAction","target":{"@type":"EntryPoint","urlTemplate":"https:\/\/www.melita.io\/it\/?s={search_term_string}"},"query-input":{"@type":"PropertyValueSpecification","valueRequired":true,"valueName":"search_term_string"}}],"inLanguage":"it-IT"},{"@type":"Organization","@id":"https:\/\/www.melita.io\/it\/#organization","name":"Melita.io","url":"https:\/\/www.melita.io\/it\/","logo":{"@type":"ImageObject","inLanguage":"it-IT","@id":"https:\/\/www.melita.io\/it\/#\/schema\/logo\/image\/","url":"https:\/\/www.melita.io\/wp-content\/uploads\/2020\/11\/melita-io-logo.png","contentUrl":"https:\/\/www.melita.io\/wp-content\/uploads\/2020\/11\/melita-io-logo.png","width":130,"height":50,"caption":"Melita.io"},"image":{"@id":"https:\/\/www.melita.io\/it\/#\/schema\/logo\/image\/"}}]}},"_links":{"self":[{"href":"https:\/\/www.melita.io\/it\/wp-json\/wp\/v2\/articles-news\/2324","targetHints":{"allow":["GET"]}}],"collection":[{"href":"https:\/\/www.melita.io\/it\/wp-json\/wp\/v2\/articles-news"}],"about":[{"href":"https:\/\/www.melita.io\/it\/wp-json\/wp\/v2\/types\/articles-news"}],"author":[{"embeddable":true,"href":"https:\/\/www.melita.io\/it\/wp-json\/wp\/v2\/users\/2"}],"replies":[{"embeddable":true,"href":"https:\/\/www.melita.io\/it\/wp-json\/wp\/v2\/comments?post=2324"}],"version-history":[{"count":2,"href":"https:\/\/www.melita.io\/it\/wp-json\/wp\/v2\/articles-news\/2324\/revisions"}],"predecessor-version":[{"id":9945,"href":"https:\/\/www.melita.io\/it\/wp-json\/wp\/v2\/articles-news\/2324\/revisions\/9945"}],"wp:featuredmedia":[{"embeddable":true,"href":"https:\/\/www.melita.io\/it\/wp-json\/wp\/v2\/media\/2310"}],"wp:attachment":[{"href":"https:\/\/www.melita.io\/it\/wp-json\/wp\/v2\/media?parent=2324"}],"wp:term":[{"taxonomy":"articles-news-categories","embeddable":true,"href":"https:\/\/www.melita.io\/it\/wp-json\/wp\/v2\/articles-news-categories?post=2324"},{"taxonomy":"articles-news-technology","embeddable":true,"href":"https:\/\/www.melita.io\/it\/wp-json\/wp\/v2\/articles-news-technology?post=2324"},{"taxonomy":"articles-news-industry","embeddable":true,"href":"https:\/\/www.melita.io\/it\/wp-json\/wp\/v2\/articles-news-industry?post=2324"}],"curies":[{"name":"wp","href":"https:\/\/api.w.org\/{rel}","templated":true}]}}