{"id":8712,"date":"2025-02-27T16:19:50","date_gmt":"2025-02-27T15:19:50","guid":{"rendered":"https:\/\/www.melita.io\/?post_type=articles-news&#038;p=8712"},"modified":"2025-10-03T10:14:26","modified_gmt":"2025-10-03T08:14:26","slug":"melita-io-partecipa-alla-wales-week-malta-2025-rafforzando-i-legami-internazionali-e-linnovazione-transfrontaliera-2","status":"publish","type":"articles-news","link":"https:\/\/www.melita.io\/it\/articoli-e-notizie\/melita-io-partecipa-alla-wales-week-malta-2025-rafforzando-i-legami-internazionali-e-linnovazione-transfrontaliera-2\/","title":{"rendered":"melita.io partecipa alla Wales Week Malta 2025, rafforzando i legami internazionali e l&#8217;innovazione transfrontaliera"},"content":{"rendered":"\n<p>melita.io, il provider di connettivit\u00e0 globale noto per il suo ruolo pionieristico nella trasformazione digitale, sponsorizzer\u00e0 la seconda edizione della <strong>Wales Week Malta<\/strong>. Dopo il successo dell&#8217;evento inaugurale dello scorso anno, il programma di questa edizione promette di rafforzare ulteriormente i legami tra il Galles e Malta, due nazioni insulari che condividono tratti culturali, unicit\u00e0 linguistiche e sfide che hanno stimolato l&#8217;innovazione e la collaborazione.<\/p>\n\n\n\n<p>Nell&#8217;ambito del programma, il <strong>28 febbraio<\/strong> si terr\u00e0 l&#8217;evento <strong>Collaborative Futures<\/strong> presso il <strong>FITA Building in Mrie\u0127el<\/strong>. Questo avvenimento riunisce esperti, ricercatori e leader del settore per esplorare soluzioni all&#8217;avanguardia per una vita indipendente e un invecchiamento sano. Ci\u00f2 che distingue questo evento \u00e8 la sua attenzione alle sfide e alle opportunit\u00e0 uniche affrontate da due nazioni insulari, il Galles e Malta, e al modo in cui possono collaborare per affrontarle.<\/p>\n\n\n\n<p>Il programma di quest&#8217;anno prevede una serie di conferenze, tavole rotonde e vetrine interattive che mettono in luce il potenziale di trasformazione di tecnologie come l&#8217;intelligenza artificiale, l&#8217;Internet of Things (IoT) e i progressi nelle scienze della vita. Collaborative Futures si propone di elevare la conversazione sull&#8217;innovazione digitale a livello nazionale, promuovendo nuovi partenariati e iniziative a vantaggio di entrambe le nazioni.<\/p>\n\n\n\n<div class=\"wp-block-columns is-layout-flex wp-container-core-columns-is-layout-9d6595d7 wp-block-columns-is-layout-flex\">\n<div class=\"wp-block-column is-layout-flow wp-block-column-is-layout-flow\">\n<figure class=\"wp-block-image size-full\"><img decoding=\"async\" width=\"538\" height=\"672\" src=\"https:\/\/www.melita.io\/wp-content\/uploads\/2025\/02\/45-cmyk-1.jpg\" alt=\"Kenneth Spiteri, Director Of Business Innovation, melita.io\" class=\"wp-image-8696\" srcset=\"https:\/\/www.melita.io\/wp-content\/uploads\/2025\/02\/45-cmyk-1.jpg 538w, https:\/\/www.melita.io\/wp-content\/uploads\/2025\/02\/45-cmyk-1-240x300.jpg 240w\" sizes=\"(max-width: 538px) 100vw, 538px\" \/><figcaption class=\"wp-element-caption\">Kenneth Spiteri, Director Of Business Innovation, melita.io<\/figcaption><\/figure>\n<\/div>\n\n\n\n<div class=\"wp-block-column is-layout-flow wp-block-column-is-layout-flow\">\n<p>melita.io, con la sua ampia competenza globale in varie tecnologie di comunicazione, metter\u00e0 a disposizione dell&#8217;evento la propria esperienza e competenza. Il ruolo dell&#8217;azienda nel consentire scambi accademici e commerciali in settori critici, tra cui l&#8217; IA, l&#8217;IoT e le scienze della vita, \u00e8 una testimonianza del suo impegno a migliorare la connettivit\u00e0 digitale.<\/p>\n\n\n\n<p>Kenneth Spiteri, Direttore della Business Innovation di melita.io, rappresenter\u00e0 l&#8217;azienda al Collaborative Futures in qualit\u00e0 di illustre relatore. Durante il primo panel, Spiteri si unir\u00e0 ad altri esperti del settore per esplorare il concetto di <strong>Living Lab<\/strong>, un ambiente dinamico in cui le ultime tecnologie vengono rigorosamente testate in contesti reali. L\u2019incontro intende evidenziare come queste dimostrazioni pratiche possano fungere da catalizzatori per elevare il discorso nazionale in Galles e a Malta, favorendo in ultima analisi l&#8217;innovazione con benefici tangibili per le comunit\u00e0 e l&#8217;ambiente.<\/p>\n<\/div>\n<\/div>\n\n\n\n<p>In un secondo panel, Spiteri approfondir\u00e0 il ruolo trasformativo dell&#8217;IoT nel consentire una vita indipendente. La discussione si concentrer\u00e0 sul promettente potenziale della tecnologia intelligente nel migliorare significativamente la qualit\u00e0 della vita, in particolare per le persone con disabilit\u00e0 o in et\u00e0 avanzata. Si esaminer\u00e0 la possibilit\u00e0 dell&#8217;IoT di fornire un supporto a lungo termine, assicurando che i membri vulnerabili della comunit\u00e0 rimangano attivamente impegnati, godano di una qualit\u00e0 di vita pi\u00f9 elevata e ricevano la tranquillit\u00e0 necessaria per le loro famiglie e per chi si prende cura di loro.<\/p>\n\n\n\n<p>L&#8217;evento dello scorso anno ha riscosso un successo clamoroso, gettando le basi per la creazione di alleanze vitali e stimolando lo slancio nei settori accademico e imprenditoriale. Sulla base di tale risultato, la Wales Week Malta di quest&#8217;anno amplier\u00e0 lo scambio di idee innovative, favorendo ulteriori progetti e iniziative di collaborazione. Con un&#8217;agenda ricca di appuntamenti che include un tour del Living Lab, vetrine di design a misura di chi soffre di demenza e workshop sul networking transfrontaliero, Collaborative Futures \u00e8 destinato a diventare un evento di riferimento per la promozione dell&#8217;innovazione a livello transnazionale.<\/p>\n\n\n\n<p>La partecipazione all&#8217;evento consentir\u00e0 alle parti interessate di acquisire preziose conoscenze, di stabilire partnership strategiche e di assistere ad applicazioni reali destinate a ridefinire il futuro della vita indipendente e della connettivit\u00e0 digitale. Si tratta di un&#8217;opportunit\u00e0 per partecipare a un importante momento di trasformazione che dar\u00e0 forma al futuro dell&#8217;innovazione digitale e della collaborazione tra il Galles e Malta.<br><br>La Wales Week Malta \u00e8 una parte fondamentale della Wales Week Worldwide, il pi\u00f9 grande programma annuale di eventi dedicati alla promozione e alla celebrazione del Galles. Si tiene ogni anno intorno al 1\u00b0 marzo e coincide con il St David&#8217;s Day, la festa nazionale del Galles.<\/p>\n","protected":false},"excerpt":{"rendered":"<p>melita.io, il provider di connettivit\u00e0 globale noto per il suo ruolo pionieristico nella trasformazione digitale, sponsorizzer\u00e0 la seconda edizione della Wales Week Malta. Dopo il successo dell&#8217;evento inaugurale dello scorso anno, il programma di questa edizione promette di rafforzare ulteriormente i legami tra il Galles e Malta, due nazioni insulari che condividono tratti culturali, unicit\u00e0 linguistiche e sfide che hanno stimolato l&#8217;innovazione e la collaborazione.<\/p>\n","protected":false},"author":13,"featured_media":8688,"parent":0,"menu_order":0,"comment_status":"open","ping_status":"closed","template":"","format":"standard","articles-news-categories":[38],"articles-news-technology":[59,60],"articles-news-industry":[61,67,70],"class_list":["post-8712","articles-news","type-articles-news","status-publish","format-standard","has-post-thumbnail","hentry","articles-news-categories-notizie","articles-news-technology-mobile","articles-news-technology-lorawan","articles-news-industry-smart-building","articles-news-industry-health","articles-news-industry-smart-cities"],"acf":[],"yoast_head":"\n<title>melita.io partecipa alla Wales Week Malta 2025, rafforzando i legami internazionali e l&#039;innovazione transfrontaliera - melita.io<\/title>\n<meta name=\"description\" content=\"melita.io alla Wales Week Malta 2025: pi\u00f9 legami internazionali e innovazione.\" \/>\n<meta name=\"robots\" content=\"index, follow, max-snippet:-1, max-image-preview:large, max-video-preview:-1\" \/>\n<link rel=\"canonical\" href=\"https:\/\/www.melita.io\/it\/articoli-e-notizie\/melita-io-partecipa-alla-wales-week-malta-2025-rafforzando-i-legami-internazionali-e-linnovazione-transfrontaliera-2\/\" \/>\n<meta property=\"og:locale\" content=\"it_IT\" \/>\n<meta property=\"og:type\" content=\"article\" \/>\n<meta property=\"og:title\" content=\"melita.io partecipa alla Wales Week Malta 2025, rafforzando i legami internazionali e l&#039;innovazione transfrontaliera - melita.io\" \/>\n<meta property=\"og:description\" content=\"melita.io alla Wales Week Malta 2025: pi\u00f9 legami internazionali e innovazione.\" \/>\n<meta property=\"og:url\" content=\"https:\/\/www.melita.io\/it\/articoli-e-notizie\/melita-io-partecipa-alla-wales-week-malta-2025-rafforzando-i-legami-internazionali-e-linnovazione-transfrontaliera-2\/\" \/>\n<meta property=\"og:site_name\" content=\"melita.io\" \/>\n<meta property=\"article:modified_time\" content=\"2025-10-03T08:14:26+00:00\" \/>\n<meta property=\"og:image\" content=\"https:\/\/www.melita.io\/wp-content\/uploads\/2025\/02\/St-Davids-Cathedral-and-Daffodils-e1740668705819.jpg\" \/>\n\t<meta property=\"og:image:width\" content=\"1280\" \/>\n\t<meta property=\"og:image:height\" content=\"853\" \/>\n\t<meta property=\"og:image:type\" content=\"image\/jpeg\" \/>\n<meta name=\"twitter:card\" content=\"summary_large_image\" \/>\n<meta name=\"twitter:label1\" content=\"Tempo di lettura stimato\" \/>\n\t<meta name=\"twitter:data1\" content=\"4 minuti\" \/>\n<script type=\"application\/ld+json\" class=\"yoast-schema-graph\">{\"@context\":\"https:\/\/schema.org\",\"@graph\":[{\"@type\":\"WebPage\",\"@id\":\"https:\/\/www.melita.io\/it\/articoli-e-notizie\/melita-io-partecipa-alla-wales-week-malta-2025-rafforzando-i-legami-internazionali-e-linnovazione-transfrontaliera-2\/\",\"url\":\"https:\/\/www.melita.io\/it\/articoli-e-notizie\/melita-io-partecipa-alla-wales-week-malta-2025-rafforzando-i-legami-internazionali-e-linnovazione-transfrontaliera-2\/\",\"name\":\"melita.io partecipa alla Wales Week Malta 2025, rafforzando i legami internazionali e l'innovazione transfrontaliera - melita.io\",\"isPartOf\":{\"@id\":\"https:\/\/www.melita.io\/it\/#website\"},\"primaryImageOfPage\":{\"@id\":\"https:\/\/www.melita.io\/it\/articoli-e-notizie\/melita-io-partecipa-alla-wales-week-malta-2025-rafforzando-i-legami-internazionali-e-linnovazione-transfrontaliera-2\/#primaryimage\"},\"image\":{\"@id\":\"https:\/\/www.melita.io\/it\/articoli-e-notizie\/melita-io-partecipa-alla-wales-week-malta-2025-rafforzando-i-legami-internazionali-e-linnovazione-transfrontaliera-2\/#primaryimage\"},\"thumbnailUrl\":\"https:\/\/www.melita.io\/wp-content\/uploads\/2025\/02\/St-Davids-Cathedral-and-Daffodils-e1740668705819.jpg\",\"datePublished\":\"2025-02-27T15:19:50+00:00\",\"dateModified\":\"2025-10-03T08:14:26+00:00\",\"description\":\"melita.io alla Wales Week Malta 2025: pi\u00f9 legami internazionali e innovazione.\",\"breadcrumb\":{\"@id\":\"https:\/\/www.melita.io\/it\/articoli-e-notizie\/melita-io-partecipa-alla-wales-week-malta-2025-rafforzando-i-legami-internazionali-e-linnovazione-transfrontaliera-2\/#breadcrumb\"},\"inLanguage\":\"it-IT\",\"potentialAction\":[{\"@type\":\"ReadAction\",\"target\":[\"https:\/\/www.melita.io\/it\/articoli-e-notizie\/melita-io-partecipa-alla-wales-week-malta-2025-rafforzando-i-legami-internazionali-e-linnovazione-transfrontaliera-2\/\"]}]},{\"@type\":\"ImageObject\",\"inLanguage\":\"it-IT\",\"@id\":\"https:\/\/www.melita.io\/it\/articoli-e-notizie\/melita-io-partecipa-alla-wales-week-malta-2025-rafforzando-i-legami-internazionali-e-linnovazione-transfrontaliera-2\/#primaryimage\",\"url\":\"https:\/\/www.melita.io\/wp-content\/uploads\/2025\/02\/St-Davids-Cathedral-and-Daffodils-e1740668705819.jpg\",\"contentUrl\":\"https:\/\/www.melita.io\/wp-content\/uploads\/2025\/02\/St-Davids-Cathedral-and-Daffodils-e1740668705819.jpg\",\"width\":1280,\"height\":853,\"caption\":\"Monday 28 February 2022 St Davids Cathedral\"},{\"@type\":\"BreadcrumbList\",\"@id\":\"https:\/\/www.melita.io\/it\/articoli-e-notizie\/melita-io-partecipa-alla-wales-week-malta-2025-rafforzando-i-legami-internazionali-e-linnovazione-transfrontaliera-2\/#breadcrumb\",\"itemListElement\":[{\"@type\":\"ListItem\",\"position\":1,\"name\":\"home\",\"item\":\"https:\/\/www.melita.io\/it\/\"},{\"@type\":\"ListItem\",\"position\":2,\"name\":\"Articles & News\",\"item\":\"https:\/\/www.melita.io\/it\/articoli-e-notizie\/\"},{\"@type\":\"ListItem\",\"position\":3,\"name\":\"melita.io partecipa alla Wales Week Malta 2025, rafforzando i legami internazionali e l&#8217;innovazione transfrontaliera\"}]},{\"@type\":\"WebSite\",\"@id\":\"https:\/\/www.melita.io\/it\/#website\",\"url\":\"https:\/\/www.melita.io\/it\/\",\"name\":\"melita.io\",\"description\":\"La rete di connettivit\u00e0 M2M europea\",\"publisher\":{\"@id\":\"https:\/\/www.melita.io\/it\/#organization\"},\"potentialAction\":[{\"@type\":\"SearchAction\",\"target\":{\"@type\":\"EntryPoint\",\"urlTemplate\":\"https:\/\/www.melita.io\/it\/?s={search_term_string}\"},\"query-input\":{\"@type\":\"PropertyValueSpecification\",\"valueRequired\":true,\"valueName\":\"search_term_string\"}}],\"inLanguage\":\"it-IT\"},{\"@type\":\"Organization\",\"@id\":\"https:\/\/www.melita.io\/it\/#organization\",\"name\":\"Melita.io\",\"url\":\"https:\/\/www.melita.io\/it\/\",\"logo\":{\"@type\":\"ImageObject\",\"inLanguage\":\"it-IT\",\"@id\":\"https:\/\/www.melita.io\/it\/#\/schema\/logo\/image\/\",\"url\":\"https:\/\/www.melita.io\/wp-content\/uploads\/2020\/11\/melita-io-logo.png\",\"contentUrl\":\"https:\/\/www.melita.io\/wp-content\/uploads\/2020\/11\/melita-io-logo.png\",\"width\":130,\"height\":50,\"caption\":\"Melita.io\"},\"image\":{\"@id\":\"https:\/\/www.melita.io\/it\/#\/schema\/logo\/image\/\"}}]}<\/script>\n","yoast_head_json":{"title":"melita.io partecipa alla Wales Week Malta 2025, rafforzando i legami internazionali e l'innovazione transfrontaliera - melita.io","description":"melita.io alla Wales Week Malta 2025: pi\u00f9 legami internazionali e innovazione.","robots":{"index":"index","follow":"follow","max-snippet":"max-snippet:-1","max-image-preview":"max-image-preview:large","max-video-preview":"max-video-preview:-1"},"canonical":"https:\/\/www.melita.io\/it\/articoli-e-notizie\/melita-io-partecipa-alla-wales-week-malta-2025-rafforzando-i-legami-internazionali-e-linnovazione-transfrontaliera-2\/","og_locale":"it_IT","og_type":"article","og_title":"melita.io partecipa alla Wales Week Malta 2025, rafforzando i legami internazionali e l'innovazione transfrontaliera - melita.io","og_description":"melita.io alla Wales Week Malta 2025: pi\u00f9 legami internazionali e innovazione.","og_url":"https:\/\/www.melita.io\/it\/articoli-e-notizie\/melita-io-partecipa-alla-wales-week-malta-2025-rafforzando-i-legami-internazionali-e-linnovazione-transfrontaliera-2\/","og_site_name":"melita.io","article_modified_time":"2025-10-03T08:14:26+00:00","og_image":[{"width":1280,"height":853,"url":"https:\/\/www.melita.io\/wp-content\/uploads\/2025\/02\/St-Davids-Cathedral-and-Daffodils-e1740668705819.jpg","type":"image\/jpeg"}],"twitter_card":"summary_large_image","twitter_misc":{"Tempo di lettura stimato":"4 minuti"},"schema":{"@context":"https:\/\/schema.org","@graph":[{"@type":"WebPage","@id":"https:\/\/www.melita.io\/it\/articoli-e-notizie\/melita-io-partecipa-alla-wales-week-malta-2025-rafforzando-i-legami-internazionali-e-linnovazione-transfrontaliera-2\/","url":"https:\/\/www.melita.io\/it\/articoli-e-notizie\/melita-io-partecipa-alla-wales-week-malta-2025-rafforzando-i-legami-internazionali-e-linnovazione-transfrontaliera-2\/","name":"melita.io partecipa alla Wales Week Malta 2025, rafforzando i legami internazionali e l'innovazione transfrontaliera - melita.io","isPartOf":{"@id":"https:\/\/www.melita.io\/it\/#website"},"primaryImageOfPage":{"@id":"https:\/\/www.melita.io\/it\/articoli-e-notizie\/melita-io-partecipa-alla-wales-week-malta-2025-rafforzando-i-legami-internazionali-e-linnovazione-transfrontaliera-2\/#primaryimage"},"image":{"@id":"https:\/\/www.melita.io\/it\/articoli-e-notizie\/melita-io-partecipa-alla-wales-week-malta-2025-rafforzando-i-legami-internazionali-e-linnovazione-transfrontaliera-2\/#primaryimage"},"thumbnailUrl":"https:\/\/www.melita.io\/wp-content\/uploads\/2025\/02\/St-Davids-Cathedral-and-Daffodils-e1740668705819.jpg","datePublished":"2025-02-27T15:19:50+00:00","dateModified":"2025-10-03T08:14:26+00:00","description":"melita.io alla Wales Week Malta 2025: pi\u00f9 legami internazionali e innovazione.","breadcrumb":{"@id":"https:\/\/www.melita.io\/it\/articoli-e-notizie\/melita-io-partecipa-alla-wales-week-malta-2025-rafforzando-i-legami-internazionali-e-linnovazione-transfrontaliera-2\/#breadcrumb"},"inLanguage":"it-IT","potentialAction":[{"@type":"ReadAction","target":["https:\/\/www.melita.io\/it\/articoli-e-notizie\/melita-io-partecipa-alla-wales-week-malta-2025-rafforzando-i-legami-internazionali-e-linnovazione-transfrontaliera-2\/"]}]},{"@type":"ImageObject","inLanguage":"it-IT","@id":"https:\/\/www.melita.io\/it\/articoli-e-notizie\/melita-io-partecipa-alla-wales-week-malta-2025-rafforzando-i-legami-internazionali-e-linnovazione-transfrontaliera-2\/#primaryimage","url":"https:\/\/www.melita.io\/wp-content\/uploads\/2025\/02\/St-Davids-Cathedral-and-Daffodils-e1740668705819.jpg","contentUrl":"https:\/\/www.melita.io\/wp-content\/uploads\/2025\/02\/St-Davids-Cathedral-and-Daffodils-e1740668705819.jpg","width":1280,"height":853,"caption":"Monday 28 February 2022 St Davids Cathedral"},{"@type":"BreadcrumbList","@id":"https:\/\/www.melita.io\/it\/articoli-e-notizie\/melita-io-partecipa-alla-wales-week-malta-2025-rafforzando-i-legami-internazionali-e-linnovazione-transfrontaliera-2\/#breadcrumb","itemListElement":[{"@type":"ListItem","position":1,"name":"home","item":"https:\/\/www.melita.io\/it\/"},{"@type":"ListItem","position":2,"name":"Articles & News","item":"https:\/\/www.melita.io\/it\/articoli-e-notizie\/"},{"@type":"ListItem","position":3,"name":"melita.io partecipa alla Wales Week Malta 2025, rafforzando i legami internazionali e l&#8217;innovazione transfrontaliera"}]},{"@type":"WebSite","@id":"https:\/\/www.melita.io\/it\/#website","url":"https:\/\/www.melita.io\/it\/","name":"melita.io","description":"La rete di connettivit\u00e0 M2M europea","publisher":{"@id":"https:\/\/www.melita.io\/it\/#organization"},"potentialAction":[{"@type":"SearchAction","target":{"@type":"EntryPoint","urlTemplate":"https:\/\/www.melita.io\/it\/?s={search_term_string}"},"query-input":{"@type":"PropertyValueSpecification","valueRequired":true,"valueName":"search_term_string"}}],"inLanguage":"it-IT"},{"@type":"Organization","@id":"https:\/\/www.melita.io\/it\/#organization","name":"Melita.io","url":"https:\/\/www.melita.io\/it\/","logo":{"@type":"ImageObject","inLanguage":"it-IT","@id":"https:\/\/www.melita.io\/it\/#\/schema\/logo\/image\/","url":"https:\/\/www.melita.io\/wp-content\/uploads\/2020\/11\/melita-io-logo.png","contentUrl":"https:\/\/www.melita.io\/wp-content\/uploads\/2020\/11\/melita-io-logo.png","width":130,"height":50,"caption":"Melita.io"},"image":{"@id":"https:\/\/www.melita.io\/it\/#\/schema\/logo\/image\/"}}]}},"_links":{"self":[{"href":"https:\/\/www.melita.io\/it\/wp-json\/wp\/v2\/articles-news\/8712","targetHints":{"allow":["GET"]}}],"collection":[{"href":"https:\/\/www.melita.io\/it\/wp-json\/wp\/v2\/articles-news"}],"about":[{"href":"https:\/\/www.melita.io\/it\/wp-json\/wp\/v2\/types\/articles-news"}],"author":[{"embeddable":true,"href":"https:\/\/www.melita.io\/it\/wp-json\/wp\/v2\/users\/13"}],"replies":[{"embeddable":true,"href":"https:\/\/www.melita.io\/it\/wp-json\/wp\/v2\/comments?post=8712"}],"version-history":[{"count":2,"href":"https:\/\/www.melita.io\/it\/wp-json\/wp\/v2\/articles-news\/8712\/revisions"}],"predecessor-version":[{"id":8726,"href":"https:\/\/www.melita.io\/it\/wp-json\/wp\/v2\/articles-news\/8712\/revisions\/8726"}],"wp:featuredmedia":[{"embeddable":true,"href":"https:\/\/www.melita.io\/it\/wp-json\/wp\/v2\/media\/8688"}],"wp:attachment":[{"href":"https:\/\/www.melita.io\/it\/wp-json\/wp\/v2\/media?parent=8712"}],"wp:term":[{"taxonomy":"articles-news-categories","embeddable":true,"href":"https:\/\/www.melita.io\/it\/wp-json\/wp\/v2\/articles-news-categories?post=8712"},{"taxonomy":"articles-news-technology","embeddable":true,"href":"https:\/\/www.melita.io\/it\/wp-json\/wp\/v2\/articles-news-technology?post=8712"},{"taxonomy":"articles-news-industry","embeddable":true,"href":"https:\/\/www.melita.io\/it\/wp-json\/wp\/v2\/articles-news-industry?post=8712"}],"curies":[{"name":"wp","href":"https:\/\/api.w.org\/{rel}","templated":true}]}}